{"id":1376,"date":"2021-05-14T14:43:44","date_gmt":"2021-05-14T14:43:44","guid":{"rendered":"https:\/\/laurinejx.com\/?p=1376"},"modified":"2025-07-13T15:39:19","modified_gmt":"2025-07-13T15:39:19","slug":"photographe-mariage-priscila-nicolas","status":"publish","type":"post","link":"https:\/\/laurinejx.com\/en\/photographe-mariage-priscila-nicolas\/","title":{"rendered":"Mariage franco-p\u00e9ruvien \u00e0 Sainte-Euph\u00e9mie"},"content":{"rendered":"<p>I shot my first wedding as a professional photographer with Nicolas and Priscila's wedding on august 30th, 2019. After a few months of being the second shooter of my colleagues<a href=\"https:\/\/www.elisejulliard-photographies.fr\"><span class=\"has-inline-color has-cyan-bluish-gray-color\">Elise<\/span><\/a>, <a href=\"https:\/\/www.olivier-ramonteu.fr\"><span class=\"has-inline-color has-cyan-bluish-gray-color\">Olivier,<\/span><\/a>Guilhem, if you read this, thanks!) I could finally thrive as a professional photographer.<\/p>\n\n\n\n<h2 class=\"wp-block-heading\">A french peruvian wedding, under the sun and with their friends and family<\/h2>\n\n\n\n<p>That's what describes the couple's wedding best. The preparations and the party took place in Priscila's grand-mother's house, up north of Lyon, France. A wedding imprinted with family, to the extent of the choice of the place. <em>\"My grandmother has been growing those flowers for a few months in order for them to bloom for the wedding\"<\/em> is what Priscila told me when I met up with the couple in the family house a few months before the d-day for their engagement session. A great gardening job without which the pictures would not have turned out the same!<\/p>\n\n\n\n<p>We proceeded with the preparations in the rooms organized for the day, everyone to their own with their groomsmen and bridesmaids. For Nicolas, a champagne bottle and banter; for Priscila, a make-up session with her mum, sister and her bridesmaids. <\/p>\n\n\n\n<p>The <em>first look<\/em> or the moment where the two lovebirds meet each other for the first time in their wedding attire, took place in the garden, and was filled with emotions and kisses. We took a few couple pictures before heading to the Church, where everyone was patiently waiting for the couple.<\/p>\n\n\n\n<p>After the ceremony, we headed back to the family house to keep the festivities going, with a cocktail, parents' speeches and some more couple pictures at sunset when the light made everything look perfect.<\/p>\n\n\n\n<p>The rest of the evening went on with laughter, some tears too, many hugs and dance moves on the dancefloor.<\/p>\n\n\n\n<p>Many thanks to Priscila and Nicolas for helping me to become a full time wedding photographer, for trusting me and for recommending me to their friends.<\/p>\n\n\n\n<p>Read all the love stories<span class=\"has-inline-color has-cyan-bluish-gray-color\"> <\/span><a href=\"https:\/\/laurinejx.com\/en\/blog\/\"><span class=\"has-inline-color has-cyan-bluish-gray-color\">here<\/span><\/a>.<\/p>","protected":false},"excerpt":{"rendered":"<p>J&#8217;ai photographi\u00e9 mon premier mariage en tant que photographe de mariage lors de l&#8217;union de Nicolas et Priscila, le 30 ao\u00fbt 2019. Apr\u00e8s plusieurs mois \u00e0 accompagner des coll\u00e8gues (Elise, Olivier, Guilhem, si vous passez par l\u00e0, merci !) sur des mariages en tant que second shooter, j&#8217;ai pu m&#8217;\u00e9panouir \u00e0 100% en tant que [&hellip;]<\/p>\n","protected":false},"author":2,"featured_media":1834,"comment_status":"closed","ping_status":"closed","sticky":false,"template":"","format":"standard","meta":{"inline_featured_image":false,"footnotes":""},"categories":[9],"tags":[],"class_list":{"0":"post-1376","1":"post","2":"type-post","3":"status-publish","4":"format-standard","5":"has-post-thumbnail","7":"category-mariages"},"yoast_head":"<!-- This site is optimized with the Yoast SEO plugin v27.5 - https:\/\/yoast.com\/product\/yoast-seo-wordpress\/ -->\n<title>Mariage franco-p\u00e9ruvien \u00e0 Sainte-Euph\u00e9mie - Laurine Jx<\/title>\n<meta name=\"description\" content=\"J&#039;ai photographi\u00e9 mon premier mariage en tant que photographe de mariage lors de l&#039;union de Nicolas et Priscila. Retour en images.\" \/>\n<meta name=\"robots\" content=\"index, follow, max-snippet:-1, max-image-preview:large, max-video-preview:-1\" \/>\n<link rel=\"canonical\" href=\"https:\/\/laurinejx.com\/en\/photographe-mariage-priscila-nicolas\/\" \/>\n<meta property=\"og:locale\" content=\"en_GB\" \/>\n<meta property=\"og:type\" content=\"article\" \/>\n<meta property=\"og:title\" content=\"Mariage franco-p\u00e9ruvien \u00e0 Sainte-Euph\u00e9mie - Laurine Jx\" \/>\n<meta property=\"og:description\" content=\"J&#039;ai photographi\u00e9 mon premier mariage en tant que photographe de mariage lors de l&#039;union de Nicolas et Priscila. Retour en images.\" \/>\n<meta property=\"og:url\" content=\"https:\/\/laurinejx.com\/en\/photographe-mariage-priscila-nicolas\/\" \/>\n<meta property=\"og:site_name\" content=\"Laurine Jx\" \/>\n<meta property=\"article:published_time\" content=\"2021-05-14T14:43:44+00:00\" \/>\n<meta property=\"article:modified_time\" content=\"2025-07-13T15:39:19+00:00\" \/>\n<meta property=\"og:image\" content=\"https:\/\/laurinejx.com\/wp-content\/uploads\/2021\/05\/0819-NicolasPriscila-497-1-jpg.webp\" \/>\n\t<meta property=\"og:image:width\" content=\"1600\" \/>\n\t<meta property=\"og:image:height\" content=\"1067\" \/>\n\t<meta property=\"og:image:type\" content=\"image\/jpeg\" \/>\n<meta name=\"author\" content=\"Laurine Jx\" \/>\n<meta name=\"twitter:card\" content=\"summary_large_image\" \/>\n<meta name=\"twitter:label1\" content=\"Written by\" \/>\n\t<meta name=\"twitter:data1\" content=\"Laurine Jx\" \/>\n\t<meta name=\"twitter:label2\" content=\"Estimated reading time\" \/>\n\t<meta name=\"twitter:data2\" content=\"2 minutes\" \/>\n<script type=\"application\/ld+json\" class=\"yoast-schema-graph\">{\"@context\":\"https:\\\/\\\/schema.org\",\"@graph\":[{\"@type\":\"Article\",\"@id\":\"https:\\\/\\\/laurinejx.com\\\/photographe-mariage-priscila-nicolas\\\/#article\",\"isPartOf\":{\"@id\":\"https:\\\/\\\/laurinejx.com\\\/photographe-mariage-priscila-nicolas\\\/\"},\"author\":{\"name\":\"Laurine Jx\",\"@id\":\"https:\\\/\\\/laurinejx.com\\\/#\\\/schema\\\/person\\\/525ed56159c7524f6b06d9533bc12a0f\"},\"headline\":\"Mariage franco-p\u00e9ruvien \u00e0 Sainte-Euph\u00e9mie\",\"datePublished\":\"2021-05-14T14:43:44+00:00\",\"dateModified\":\"2025-07-13T15:39:19+00:00\",\"mainEntityOfPage\":{\"@id\":\"https:\\\/\\\/laurinejx.com\\\/photographe-mariage-priscila-nicolas\\\/\"},\"wordCount\":399,\"publisher\":{\"@id\":\"https:\\\/\\\/laurinejx.com\\\/#\\\/schema\\\/person\\\/525ed56159c7524f6b06d9533bc12a0f\"},\"image\":{\"@id\":\"https:\\\/\\\/laurinejx.com\\\/photographe-mariage-priscila-nicolas\\\/#primaryimage\"},\"thumbnailUrl\":\"https:\\\/\\\/laurinejx.com\\\/wp-content\\\/uploads\\\/2021\\\/05\\\/0819-NicolasPriscila-497-1-jpg.webp\",\"articleSection\":[\"Mariages\"],\"inLanguage\":\"en-GB\"},{\"@type\":\"WebPage\",\"@id\":\"https:\\\/\\\/laurinejx.com\\\/photographe-mariage-priscila-nicolas\\\/\",\"url\":\"https:\\\/\\\/laurinejx.com\\\/photographe-mariage-priscila-nicolas\\\/\",\"name\":\"Mariage franco-p\u00e9ruvien \u00e0 Sainte-Euph\u00e9mie - Laurine Jx\",\"isPartOf\":{\"@id\":\"https:\\\/\\\/laurinejx.com\\\/#website\"},\"primaryImageOfPage\":{\"@id\":\"https:\\\/\\\/laurinejx.com\\\/photographe-mariage-priscila-nicolas\\\/#primaryimage\"},\"image\":{\"@id\":\"https:\\\/\\\/laurinejx.com\\\/photographe-mariage-priscila-nicolas\\\/#primaryimage\"},\"thumbnailUrl\":\"https:\\\/\\\/laurinejx.com\\\/wp-content\\\/uploads\\\/2021\\\/05\\\/0819-NicolasPriscila-497-1-jpg.webp\",\"datePublished\":\"2021-05-14T14:43:44+00:00\",\"dateModified\":\"2025-07-13T15:39:19+00:00\",\"description\":\"J'ai photographi\u00e9 mon premier mariage en tant que photographe de mariage lors de l'union de Nicolas et Priscila. Retour en images.\",\"breadcrumb\":{\"@id\":\"https:\\\/\\\/laurinejx.com\\\/photographe-mariage-priscila-nicolas\\\/#breadcrumb\"},\"inLanguage\":\"en-GB\",\"potentialAction\":[{\"@type\":\"ReadAction\",\"target\":[\"https:\\\/\\\/laurinejx.com\\\/photographe-mariage-priscila-nicolas\\\/\"]}]},{\"@type\":\"ImageObject\",\"inLanguage\":\"en-GB\",\"@id\":\"https:\\\/\\\/laurinejx.com\\\/photographe-mariage-priscila-nicolas\\\/#primaryimage\",\"url\":\"https:\\\/\\\/laurinejx.com\\\/wp-content\\\/uploads\\\/2021\\\/05\\\/0819-NicolasPriscila-497-1-jpg.webp\",\"contentUrl\":\"https:\\\/\\\/laurinejx.com\\\/wp-content\\\/uploads\\\/2021\\\/05\\\/0819-NicolasPriscila-497-1-jpg.webp\",\"width\":1600,\"height\":1067},{\"@type\":\"BreadcrumbList\",\"@id\":\"https:\\\/\\\/laurinejx.com\\\/photographe-mariage-priscila-nicolas\\\/#breadcrumb\",\"itemListElement\":[{\"@type\":\"ListItem\",\"position\":1,\"name\":\"Accueil\",\"item\":\"https:\\\/\\\/laurinejx.com\\\/\"},{\"@type\":\"ListItem\",\"position\":2,\"name\":\"Mariage franco-p\u00e9ruvien \u00e0 Sainte-Euph\u00e9mie\"}]},{\"@type\":\"WebSite\",\"@id\":\"https:\\\/\\\/laurinejx.com\\\/#website\",\"url\":\"https:\\\/\\\/laurinejx.com\\\/\",\"name\":\"Laurine Jx - Photographe de Mariages Paris & Lyon\",\"description\":\"Photographe de mariages Paris Lyon\",\"publisher\":{\"@id\":\"https:\\\/\\\/laurinejx.com\\\/#\\\/schema\\\/person\\\/525ed56159c7524f6b06d9533bc12a0f\"},\"potentialAction\":[{\"@type\":\"SearchAction\",\"target\":{\"@type\":\"EntryPoint\",\"urlTemplate\":\"https:\\\/\\\/laurinejx.com\\\/?s={search_term_string}\"},\"query-input\":{\"@type\":\"PropertyValueSpecification\",\"valueRequired\":true,\"valueName\":\"search_term_string\"}}],\"inLanguage\":\"en-GB\"},{\"@type\":[\"Person\",\"Organization\"],\"@id\":\"https:\\\/\\\/laurinejx.com\\\/#\\\/schema\\\/person\\\/525ed56159c7524f6b06d9533bc12a0f\",\"name\":\"Laurine Jx\",\"image\":{\"@type\":\"ImageObject\",\"inLanguage\":\"en-GB\",\"@id\":\"https:\\\/\\\/laurinejx.com\\\/wp-content\\\/uploads\\\/2021\\\/05\\\/Logo-noir-sans-fond.png\",\"url\":\"https:\\\/\\\/laurinejx.com\\\/wp-content\\\/uploads\\\/2021\\\/05\\\/Logo-noir-sans-fond.png\",\"contentUrl\":\"https:\\\/\\\/laurinejx.com\\\/wp-content\\\/uploads\\\/2021\\\/05\\\/Logo-noir-sans-fond.png\",\"width\":1001,\"height\":1000,\"caption\":\"Laurine Jx\"},\"logo\":{\"@id\":\"https:\\\/\\\/laurinejx.com\\\/wp-content\\\/uploads\\\/2021\\\/05\\\/Logo-noir-sans-fond.png\"},\"url\":\"https:\\\/\\\/laurinejx.com\\\/en\\\/author\\\/laurine\\\/\"}]}<\/script>\n<!-- \/ Yoast SEO plugin. -->","yoast_head_json":{"title":"Mariage franco-p\u00e9ruvien \u00e0 Sainte-Euph\u00e9mie - Laurine Jx","description":"J'ai photographi\u00e9 mon premier mariage en tant que photographe de mariage lors de l'union de Nicolas et Priscila. Retour en images.","robots":{"index":"index","follow":"follow","max-snippet":"max-snippet:-1","max-image-preview":"max-image-preview:large","max-video-preview":"max-video-preview:-1"},"canonical":"https:\/\/laurinejx.com\/en\/photographe-mariage-priscila-nicolas\/","og_locale":"en_GB","og_type":"article","og_title":"Mariage franco-p\u00e9ruvien \u00e0 Sainte-Euph\u00e9mie - Laurine Jx","og_description":"J'ai photographi\u00e9 mon premier mariage en tant que photographe de mariage lors de l'union de Nicolas et Priscila. Retour en images.","og_url":"https:\/\/laurinejx.com\/en\/photographe-mariage-priscila-nicolas\/","og_site_name":"Laurine Jx","article_published_time":"2021-05-14T14:43:44+00:00","article_modified_time":"2025-07-13T15:39:19+00:00","og_image":[{"width":1600,"height":1067,"url":"https:\/\/laurinejx.com\/wp-content\/uploads\/2021\/05\/0819-NicolasPriscila-497-1-jpg.webp","type":"image\/jpeg"}],"author":"Laurine Jx","twitter_card":"summary_large_image","twitter_misc":{"Written by":"Laurine Jx","Estimated reading time":"2 minutes"},"schema":{"@context":"https:\/\/schema.org","@graph":[{"@type":"Article","@id":"https:\/\/laurinejx.com\/photographe-mariage-priscila-nicolas\/#article","isPartOf":{"@id":"https:\/\/laurinejx.com\/photographe-mariage-priscila-nicolas\/"},"author":{"name":"Laurine Jx","@id":"https:\/\/laurinejx.com\/#\/schema\/person\/525ed56159c7524f6b06d9533bc12a0f"},"headline":"Mariage franco-p\u00e9ruvien \u00e0 Sainte-Euph\u00e9mie","datePublished":"2021-05-14T14:43:44+00:00","dateModified":"2025-07-13T15:39:19+00:00","mainEntityOfPage":{"@id":"https:\/\/laurinejx.com\/photographe-mariage-priscila-nicolas\/"},"wordCount":399,"publisher":{"@id":"https:\/\/laurinejx.com\/#\/schema\/person\/525ed56159c7524f6b06d9533bc12a0f"},"image":{"@id":"https:\/\/laurinejx.com\/photographe-mariage-priscila-nicolas\/#primaryimage"},"thumbnailUrl":"https:\/\/laurinejx.com\/wp-content\/uploads\/2021\/05\/0819-NicolasPriscila-497-1-jpg.webp","articleSection":["Mariages"],"inLanguage":"en-GB"},{"@type":"WebPage","@id":"https:\/\/laurinejx.com\/photographe-mariage-priscila-nicolas\/","url":"https:\/\/laurinejx.com\/photographe-mariage-priscila-nicolas\/","name":"Mariage franco-p\u00e9ruvien \u00e0 Sainte-Euph\u00e9mie - Laurine Jx","isPartOf":{"@id":"https:\/\/laurinejx.com\/#website"},"primaryImageOfPage":{"@id":"https:\/\/laurinejx.com\/photographe-mariage-priscila-nicolas\/#primaryimage"},"image":{"@id":"https:\/\/laurinejx.com\/photographe-mariage-priscila-nicolas\/#primaryimage"},"thumbnailUrl":"https:\/\/laurinejx.com\/wp-content\/uploads\/2021\/05\/0819-NicolasPriscila-497-1-jpg.webp","datePublished":"2021-05-14T14:43:44+00:00","dateModified":"2025-07-13T15:39:19+00:00","description":"J'ai photographi\u00e9 mon premier mariage en tant que photographe de mariage lors de l'union de Nicolas et Priscila. Retour en images.","breadcrumb":{"@id":"https:\/\/laurinejx.com\/photographe-mariage-priscila-nicolas\/#breadcrumb"},"inLanguage":"en-GB","potentialAction":[{"@type":"ReadAction","target":["https:\/\/laurinejx.com\/photographe-mariage-priscila-nicolas\/"]}]},{"@type":"ImageObject","inLanguage":"en-GB","@id":"https:\/\/laurinejx.com\/photographe-mariage-priscila-nicolas\/#primaryimage","url":"https:\/\/laurinejx.com\/wp-content\/uploads\/2021\/05\/0819-NicolasPriscila-497-1-jpg.webp","contentUrl":"https:\/\/laurinejx.com\/wp-content\/uploads\/2021\/05\/0819-NicolasPriscila-497-1-jpg.webp","width":1600,"height":1067},{"@type":"BreadcrumbList","@id":"https:\/\/laurinejx.com\/photographe-mariage-priscila-nicolas\/#breadcrumb","itemListElement":[{"@type":"ListItem","position":1,"name":"Accueil","item":"https:\/\/laurinejx.com\/"},{"@type":"ListItem","position":2,"name":"Mariage franco-p\u00e9ruvien \u00e0 Sainte-Euph\u00e9mie"}]},{"@type":"WebSite","@id":"https:\/\/laurinejx.com\/#website","url":"https:\/\/laurinejx.com\/","name":"Laurine Jx - Photographe de Mariages Paris & Lyon","description":"Photographe de mariages Paris Lyon","publisher":{"@id":"https:\/\/laurinejx.com\/#\/schema\/person\/525ed56159c7524f6b06d9533bc12a0f"},"potentialAction":[{"@type":"SearchAction","target":{"@type":"EntryPoint","urlTemplate":"https:\/\/laurinejx.com\/?s={search_term_string}"},"query-input":{"@type":"PropertyValueSpecification","valueRequired":true,"valueName":"search_term_string"}}],"inLanguage":"en-GB"},{"@type":["Person","Organization"],"@id":"https:\/\/laurinejx.com\/#\/schema\/person\/525ed56159c7524f6b06d9533bc12a0f","name":"Laurine Jx","image":{"@type":"ImageObject","inLanguage":"en-GB","@id":"https:\/\/laurinejx.com\/wp-content\/uploads\/2021\/05\/Logo-noir-sans-fond.png","url":"https:\/\/laurinejx.com\/wp-content\/uploads\/2021\/05\/Logo-noir-sans-fond.png","contentUrl":"https:\/\/laurinejx.com\/wp-content\/uploads\/2021\/05\/Logo-noir-sans-fond.png","width":1001,"height":1000,"caption":"Laurine Jx"},"logo":{"@id":"https:\/\/laurinejx.com\/wp-content\/uploads\/2021\/05\/Logo-noir-sans-fond.png"},"url":"https:\/\/laurinejx.com\/en\/author\/laurine\/"}]}},"_links":{"self":[{"href":"https:\/\/laurinejx.com\/en\/wp-json\/wp\/v2\/posts\/1376","targetHints":{"allow":["GET"]}}],"collection":[{"href":"https:\/\/laurinejx.com\/en\/wp-json\/wp\/v2\/posts"}],"about":[{"href":"https:\/\/laurinejx.com\/en\/wp-json\/wp\/v2\/types\/post"}],"author":[{"embeddable":true,"href":"https:\/\/laurinejx.com\/en\/wp-json\/wp\/v2\/users\/2"}],"replies":[{"embeddable":true,"href":"https:\/\/laurinejx.com\/en\/wp-json\/wp\/v2\/comments?post=1376"}],"version-history":[{"count":22,"href":"https:\/\/laurinejx.com\/en\/wp-json\/wp\/v2\/posts\/1376\/revisions"}],"predecessor-version":[{"id":3864,"href":"https:\/\/laurinejx.com\/en\/wp-json\/wp\/v2\/posts\/1376\/revisions\/3864"}],"wp:featuredmedia":[{"embeddable":true,"href":"https:\/\/laurinejx.com\/en\/wp-json\/wp\/v2\/media\/1834"}],"wp:attachment":[{"href":"https:\/\/laurinejx.com\/en\/wp-json\/wp\/v2\/media?parent=1376"}],"wp:term":[{"taxonomy":"category","embeddable":true,"href":"https:\/\/laurinejx.com\/en\/wp-json\/wp\/v2\/categories?post=1376"},{"taxonomy":"post_tag","embeddable":true,"href":"https:\/\/laurinejx.com\/en\/wp-json\/wp\/v2\/tags?post=1376"}],"curies":[{"name":"wp","href":"https:\/\/api.w.org\/{rel}","templated":true}]}}